{"id":17631,"date":"2025-01-20T09:36:31","date_gmt":"2025-01-20T08:36:31","guid":{"rendered":"https:\/\/www.colompac.com\/besuchen-sie-colompac-auf-der-e-commerce-berlin-expo\/"},"modified":"2025-01-20T09:52:09","modified_gmt":"2025-01-20T08:52:09","slug":"besuchen-sie-colompac-auf-der-e-commerce-berlin-expo","status":"publish","type":"post","link":"https:\/\/www.colompac.com\/fr\/besuchen-sie-colompac-auf-der-e-commerce-berlin-expo\/","title":{"rendered":"Venez rendre visite \u00e0 ColomPac\u00ae \u00e0 l&#8217;E-commerce Berlin Expo !"},"content":{"rendered":"\n<p>Du 19 au 20 f\u00e9vrier, ColomPac\u00ae pr\u00e9sentera \u00e0 STATION Berlin des solutions d&#8217;emballage et des concepts innovants pour des emballages d&#8217;exp\u00e9dition e-commerce sur mesure. Inscrivez-vous et venez nous rendre visite dans le hall 7, stand F 6.1. Nous nous r\u00e9jouissons de votre visite !<\/p>\n\n<p><a href=\"https:\/\/ecommerceberlin.de\/\">Vous trouverez ici de plus amples informations sur le salon.<\/a><\/p>\n","protected":false},"excerpt":{"rendered":"<p>Du 19 au 20 f\u00e9vrier, ColomPac\u00ae pr\u00e9sentera \u00e0 STATION Berlin des solutions d&#8217;emballage et des concepts innovants pour des emballages d&#8217;exp\u00e9dition e-commerce sur mesure. Inscrivez-vous et venez nous rendre visite dans le hall 7, stand F 6.1. Nous nous r\u00e9jouissons de votre visite ! Vous trouverez ici de plus amples informations sur le salon.<\/p>\n","protected":false},"author":2,"featured_media":17628,"comment_status":"open","ping_status":"open","sticky":false,"template":"","format":"standard","meta":{"footnotes":""},"categories":[181],"tags":[],"class_list":["post-17631","post","type-post","status-publish","format-standard","has-post-thumbnail","hentry","category-non-classifiee"],"acf":[],"jetpack_sharing_enabled":true,"jetpack_featured_media_url":"https:\/\/www.colompac.com\/wp-content\/uploads\/2025\/01\/CP_News_Expo_Berlin_2025-3.png","_links":{"self":[{"href":"https:\/\/www.colompac.com\/fr\/wp-json\/wp\/v2\/posts\/17631","targetHints":{"allow":["GET"]}}],"collection":[{"href":"https:\/\/www.colompac.com\/fr\/wp-json\/wp\/v2\/posts"}],"about":[{"href":"https:\/\/www.colompac.com\/fr\/wp-json\/wp\/v2\/types\/post"}],"author":[{"embeddable":true,"href":"https:\/\/www.colompac.com\/fr\/wp-json\/wp\/v2\/users\/2"}],"replies":[{"embeddable":true,"href":"https:\/\/www.colompac.com\/fr\/wp-json\/wp\/v2\/comments?post=17631"}],"version-history":[{"count":0,"href":"https:\/\/www.colompac.com\/fr\/wp-json\/wp\/v2\/posts\/17631\/revisions"}],"wp:featuredmedia":[{"embeddable":true,"href":"https:\/\/www.colompac.com\/fr\/wp-json\/wp\/v2\/media\/17628"}],"wp:attachment":[{"href":"https:\/\/www.colompac.com\/fr\/wp-json\/wp\/v2\/media?parent=17631"}],"wp:term":[{"taxonomy":"category","embeddable":true,"href":"https:\/\/www.colompac.com\/fr\/wp-json\/wp\/v2\/categories?post=17631"},{"taxonomy":"post_tag","embeddable":true,"href":"https:\/\/www.colompac.com\/fr\/wp-json\/wp\/v2\/tags?post=17631"}],"curies":[{"name":"wp","href":"https:\/\/api.w.org\/{rel}","templated":true}]}}