{"id":17060,"date":"2024-07-09T14:32:04","date_gmt":"2024-07-09T12:32:04","guid":{"rendered":"https:\/\/www.colompac.com\/colompac-au-salon-fachpack-2024\/"},"modified":"2024-07-09T14:44:54","modified_gmt":"2024-07-09T12:44:54","slug":"colompac-au-salon-fachpack-2024","status":"publish","type":"post","link":"https:\/\/www.colompac.com\/fr\/colompac-au-salon-fachpack-2024\/","title":{"rendered":"ColomPac\u00ae au salon Fachpack 2024"},"content":{"rendered":"\n<div class=\"wp-block-media-text is-stacked-on-mobile\"><figure class=\"wp-block-media-text__media\"><img loading=\"lazy\" decoding=\"async\" width=\"1024\" height=\"768\" src=\"https:\/\/www.colompac.com\/wp-content\/uploads\/2024\/07\/FachPack_2024_GB-1024x768.jpg\" alt=\"\" class=\"wp-image-17054 size-full\" srcset=\"https:\/\/www.colompac.com\/wp-content\/uploads\/2024\/07\/FachPack_2024_GB-1024x768.jpg 1024w, https:\/\/www.colompac.com\/wp-content\/uploads\/2024\/07\/FachPack_2024_GB-300x225.jpg 300w, https:\/\/www.colompac.com\/wp-content\/uploads\/2024\/07\/FachPack_2024_GB-768x576.jpg 768w, https:\/\/www.colompac.com\/wp-content\/uploads\/2024\/07\/FachPack_2024_GB-380x285.jpg 380w, https:\/\/www.colompac.com\/wp-content\/uploads\/2024\/07\/FachPack_2024_GB-20x15.jpg 20w, https:\/\/www.colompac.com\/wp-content\/uploads\/2024\/07\/FachPack_2024_GB-190x143.jpg 190w, https:\/\/www.colompac.com\/wp-content\/uploads\/2024\/07\/FachPack_2024_GB-760x570.jpg 760w\" sizes=\"auto, (max-width: 1024px) 100vw, 1024px\" \/><\/figure><div class=\"wp-block-media-text__content\">\n<p>Cette ann\u00e9e encore, nous serons pr\u00e9sents au salon Fachpack. L&#8217;occasion id\u00e9ale pour rencontrer personnellement notre \u00e9quipe mais aussi, bien s\u00fbr, les nouvelles solutions <strong>ColomPac\u00ae<\/strong>. Emballages Ecommerce <a href=\"https:\/\/www.colompac.com\/fr\/produit\/cp-159\/\">avec protection contre les manipulations<\/a>, fond automatique avec fermeture autocollante en <a href=\"https:\/\/www.colompac.com\/fr\/categorie-produit\/cartons-a-fond-automatique-fr\/\">simple<\/a> et <a href=\"https:\/\/www.colompac.com\/fr\/categorie-produit\/fond-automatique-double-cannelure\/\">double cannelure<\/a> et bien s\u00fbr aussi de nouvelles id\u00e9es avec <a href=\"https:\/\/www.colompac.com\/fr\/individuelle-produkte\/\">impression int\u00e9rieure en offset et flexo<\/a>.\r\n<strong>Nous nous r\u00e9jouissons de votre visite !<\/strong><\/p>\n<\/div><\/div>\n","protected":false},"excerpt":{"rendered":"<p>Cette ann\u00e9e encore, nous serons pr\u00e9sents au salon Fachpack. L&#8217;occasion id\u00e9ale pour rencontrer personnellement notre \u00e9quipe mais aussi, bien s\u00fbr, les nouvelles solutions ColomPac\u00ae. Emballages Ecommerce avec protection contre les manipulations, fond automatique avec fermeture autocollante en simple et double cannelure et bien s\u00fbr aussi de nouvelles id\u00e9es avec impression int\u00e9rieure en offset et flexo.&hellip;<\/p>\n","protected":false},"author":2,"featured_media":17047,"comment_status":"open","ping_status":"open","sticky":false,"template":"","format":"standard","meta":{"footnotes":""},"categories":[181],"tags":[],"class_list":["post-17060","post","type-post","status-publish","format-standard","has-post-thumbnail","hentry","category-non-classifiee"],"acf":[],"jetpack_sharing_enabled":true,"jetpack_featured_media_url":"https:\/\/www.colompac.com\/wp-content\/uploads\/2024\/07\/CP_Web_Fachpack.png","_links":{"self":[{"href":"https:\/\/www.colompac.com\/fr\/wp-json\/wp\/v2\/posts\/17060","targetHints":{"allow":["GET"]}}],"collection":[{"href":"https:\/\/www.colompac.com\/fr\/wp-json\/wp\/v2\/posts"}],"about":[{"href":"https:\/\/www.colompac.com\/fr\/wp-json\/wp\/v2\/types\/post"}],"author":[{"embeddable":true,"href":"https:\/\/www.colompac.com\/fr\/wp-json\/wp\/v2\/users\/2"}],"replies":[{"embeddable":true,"href":"https:\/\/www.colompac.com\/fr\/wp-json\/wp\/v2\/comments?post=17060"}],"version-history":[{"count":0,"href":"https:\/\/www.colompac.com\/fr\/wp-json\/wp\/v2\/posts\/17060\/revisions"}],"wp:featuredmedia":[{"embeddable":true,"href":"https:\/\/www.colompac.com\/fr\/wp-json\/wp\/v2\/media\/17047"}],"wp:attachment":[{"href":"https:\/\/www.colompac.com\/fr\/wp-json\/wp\/v2\/media?parent=17060"}],"wp:term":[{"taxonomy":"category","embeddable":true,"href":"https:\/\/www.colompac.com\/fr\/wp-json\/wp\/v2\/categories?post=17060"},{"taxonomy":"post_tag","embeddable":true,"href":"https:\/\/www.colompac.com\/fr\/wp-json\/wp\/v2\/tags?post=17060"}],"curies":[{"name":"wp","href":"https:\/\/api.w.org\/{rel}","templated":true}]}}