{"id":17388,"date":"2025-01-29T07:00:00","date_gmt":"2025-01-29T06:00:00","guid":{"rendered":"https:\/\/www.colompac.com\/?p=17388"},"modified":"2025-02-04T08:21:08","modified_gmt":"2025-02-04T07:21:08","slug":"die-neue-dhl-kleinpaket-verpackungslinie","status":"publish","type":"post","link":"https:\/\/www.colompac.com\/de\/die-neue-dhl-kleinpaket-verpackungslinie\/","title":{"rendered":"Die neue DHL Kleinpaket Verpackungslinie"},"content":{"rendered":"\n<p>Ab Januar 2025 f\u00fchrt die DHL das Kleinpaket ein. Wir bieten jetzt schon die passenden Verpackungen.<br><br>353 x 250 x 80 mm ist das neue Ma\u00df aller Dinge. Mit diesem Grundma\u00df bietet die DHL ab Januar einen neuen Tarif f\u00fcr Vielversender. <strong>ColomPac\u00ae<\/strong> hat daf\u00fcr schon die passenden Verpackungen:<\/p>\n\n\n\n<ul class=\"wp-block-list\">\n<li><strong><a href=\"https:\/\/www.colompac.com\/de\/produkt\/cp-010-84\/\" target=\"_blank\" rel=\"noreferrer noopener\">CP 010.84<\/a><\/strong> \u2013 die Wellpapptasche mit dem Extrama\u00df \u2013 starker Schutz, flexible F\u00fcllh\u00f6he<\/li>\n\n\n\n<li><strong><a href=\"https:\/\/www.colompac.com\/de\/produkt\/cp-80-89\/\" target=\"_blank\" rel=\"noreferrer noopener\">CP 080.89<\/a> <\/strong>\u2013 Die Modulbox im Ma\u00df 353 x 250 x 80 mm<\/li>\n\n\n\n<li><strong><a href=\"https:\/\/www.colompac.com\/de\/produkt\/cp-065-89\/\" target=\"_blank\" rel=\"noreferrer noopener\">CP 065.89<\/a><\/strong> \u2013 Das Kurierpaket \u2013 Umlaufende Kante und schnell verschlossen durch 2 <strong>ColomPac\u00ae<\/strong> &nbsp;Selbstklebeverschl\u00fcsse.<\/li>\n\n\n\n<li><strong><a href=\"https:\/\/www.colompac.com\/de\/produkt\/cp-151-328\/\" target=\"_blank\" rel=\"noreferrer noopener\">CP 151.328<\/a><\/strong> \u2013 Der Automatikboden im Kleinpaketma\u00df:<\/li>\n\n\n\n<li><strong><a href=\"https:\/\/www.colompac.com\/de\/produkt\/cp-021-09-2\/\" target=\"_blank\" rel=\"noreferrer noopener\">CP 021.09<\/a><\/strong> \u2013 Buchverpackung mit variabler H\u00f6he 353 x 250 x -80mm<\/li>\n<\/ul>\n\n\n\n<p>Die Artikel sind selbstverst\u00e4ndlich bereits ab Lager lieferbar.<br><a href=\"https:\/\/www.colompac.com\/de\/download\/das-sortiment-fuer-dhl-kleinpakete\/\">Alle Infos auf einen Blick finden Sie hier als Download.<\/a><\/p>\n","protected":false},"excerpt":{"rendered":"<p>Ab Januar 2025 f\u00fchrt die DHL das Kleinpaket ein. Wir bieten jetzt schon die passenden Verpackungen. 353 x 250 x 80 mm ist das neue Ma\u00df aller Dinge. Mit diesem Grundma\u00df bietet die DHL ab Januar einen neuen Tarif f\u00fcr Vielversender. ColomPac\u00ae hat daf\u00fcr schon die passenden Verpackungen: Die Artikel sind selbstverst\u00e4ndlich bereits ab Lager&hellip;<\/p>\n","protected":false},"author":2,"featured_media":17662,"comment_status":"open","ping_status":"open","sticky":false,"template":"","format":"standard","meta":{"footnotes":""},"categories":[1],"tags":[],"class_list":["post-17388","post","type-post","status-publish","format-standard","has-post-thumbnail","hentry","category-allgemein"],"acf":[],"jetpack_sharing_enabled":true,"jetpack_featured_media_url":"https:\/\/www.colompac.com\/wp-content\/uploads\/2024\/10\/CP_News_DHL.png","_links":{"self":[{"href":"https:\/\/www.colompac.com\/de\/wp-json\/wp\/v2\/posts\/17388","targetHints":{"allow":["GET"]}}],"collection":[{"href":"https:\/\/www.colompac.com\/de\/wp-json\/wp\/v2\/posts"}],"about":[{"href":"https:\/\/www.colompac.com\/de\/wp-json\/wp\/v2\/types\/post"}],"author":[{"embeddable":true,"href":"https:\/\/www.colompac.com\/de\/wp-json\/wp\/v2\/users\/2"}],"replies":[{"embeddable":true,"href":"https:\/\/www.colompac.com\/de\/wp-json\/wp\/v2\/comments?post=17388"}],"version-history":[{"count":0,"href":"https:\/\/www.colompac.com\/de\/wp-json\/wp\/v2\/posts\/17388\/revisions"}],"wp:featuredmedia":[{"embeddable":true,"href":"https:\/\/www.colompac.com\/de\/wp-json\/wp\/v2\/media\/17662"}],"wp:attachment":[{"href":"https:\/\/www.colompac.com\/de\/wp-json\/wp\/v2\/media?parent=17388"}],"wp:term":[{"taxonomy":"category","embeddable":true,"href":"https:\/\/www.colompac.com\/de\/wp-json\/wp\/v2\/categories?post=17388"},{"taxonomy":"post_tag","embeddable":true,"href":"https:\/\/www.colompac.com\/de\/wp-json\/wp\/v2\/tags?post=17388"}],"curies":[{"name":"wp","href":"https:\/\/api.w.org\/{rel}","templated":true}]}}