{"id":16456,"date":"2024-04-16T17:18:55","date_gmt":"2024-04-16T15:18:55","guid":{"rendered":"https:\/\/www.colompac.com\/?p=16456"},"modified":"2024-04-16T17:18:57","modified_gmt":"2024-04-16T15:18:57","slug":"wir-berechnen-ihren-product-carbon-footprint","status":"publish","type":"post","link":"https:\/\/www.colompac.com\/de\/wir-berechnen-ihren-product-carbon-footprint\/","title":{"rendered":"Wir berechnen Ihren Product Carbon Footprint!"},"content":{"rendered":"\n<p>Wieviel CO2 oder besser CO2-\u00c4quivalente entstehen durch meine Verpackung? Eine Frage, mit der wir uns bereits seit 2014 besch\u00e4ftigen und die nicht nur vor dem Hintergrund von Green Deal und CSRD (Richtlinie \u00fcber die soziale Verantwortung von Unternehmen) von entscheidender Bedeutung ist.<\/p>\n\n\n\n<p>Gemeinsam mit unserem externen Partner Focus Zukunft haben wir daher einen eigenen CO2-Rechner basierend auf dem Green House Gas Protokoll entwickelt und erstellen so auf Wunsch Craddle to Customer den Product Carbon Footprint Ihrer Verpackung.<\/p>\n\n\n\n<p>F\u00fcr die korrekte Ber\u00fccksichtigung der CO2-\u00c4quivalenten betrachten wir entsprechend die gesamte Wertsch\u00f6pfungskette inklusive Rohmaterial und Auslieferung (Craddle to Customer) und greifen auf wissenschaftliche Quellen wie ecoinvent, efra oder Umweltbundesamt.de zu.<\/p>\n\n\n\n<p>Investitionen in CO2 senkende\u00a0<a href=\"https:\/\/www.dinkhauser.com\/klimaschutz\/\">Ma\u00dfnahmen<\/a>\u00a0wie Photovoltaik, Energiemanagement und anderes sind selbstverst\u00e4ndlich. Der gr\u00f6\u00dfte Einflussfaktor, verantwortlich f\u00fcr ca. 85% der CO2-Emissionen ist und bleibt aber das Rohmaterial, Verpackungsoptimierung und damit clevere Ideen aus der Verpackungsentwicklung sind damit der wichtigste Hebel, gemeinsam den \u00f6kologischen Fu\u00dfabdruck zu minimieren.<br><br>Kontaktieren Sie uns\u00a0\u2013 Wir informieren Sie gerne, wie Sie ihre Verpackungen noch nachhaltiger gestalten k\u00f6nnen!<\/p>\n","protected":false},"excerpt":{"rendered":"<p>Wieviel CO2 oder besser CO2-\u00c4quivalente entstehen durch meine Verpackung? Eine Frage, mit der wir uns bereits seit 2014 besch\u00e4ftigen und die nicht nur vor dem Hintergrund von Green Deal und CSRD (Richtlinie \u00fcber die soziale Verantwortung von Unternehmen) von entscheidender Bedeutung ist. Gemeinsam mit unserem externen Partner Focus Zukunft haben wir daher einen eigenen CO2-Rechner&hellip;<\/p>\n","protected":false},"author":2,"featured_media":16457,"comment_status":"open","ping_status":"open","sticky":false,"template":"","format":"standard","meta":{"footnotes":""},"categories":[1],"tags":[],"class_list":["post-16456","post","type-post","status-publish","format-standard","has-post-thumbnail","hentry","category-allgemein"],"acf":[],"jetpack_sharing_enabled":true,"jetpack_featured_media_url":"https:\/\/www.colompac.com\/wp-content\/uploads\/2024\/04\/Web_PCF.webp","_links":{"self":[{"href":"https:\/\/www.colompac.com\/de\/wp-json\/wp\/v2\/posts\/16456","targetHints":{"allow":["GET"]}}],"collection":[{"href":"https:\/\/www.colompac.com\/de\/wp-json\/wp\/v2\/posts"}],"about":[{"href":"https:\/\/www.colompac.com\/de\/wp-json\/wp\/v2\/types\/post"}],"author":[{"embeddable":true,"href":"https:\/\/www.colompac.com\/de\/wp-json\/wp\/v2\/users\/2"}],"replies":[{"embeddable":true,"href":"https:\/\/www.colompac.com\/de\/wp-json\/wp\/v2\/comments?post=16456"}],"version-history":[{"count":0,"href":"https:\/\/www.colompac.com\/de\/wp-json\/wp\/v2\/posts\/16456\/revisions"}],"wp:featuredmedia":[{"embeddable":true,"href":"https:\/\/www.colompac.com\/de\/wp-json\/wp\/v2\/media\/16457"}],"wp:attachment":[{"href":"https:\/\/www.colompac.com\/de\/wp-json\/wp\/v2\/media?parent=16456"}],"wp:term":[{"taxonomy":"category","embeddable":true,"href":"https:\/\/www.colompac.com\/de\/wp-json\/wp\/v2\/categories?post=16456"},{"taxonomy":"post_tag","embeddable":true,"href":"https:\/\/www.colompac.com\/de\/wp-json\/wp\/v2\/tags?post=16456"}],"curies":[{"name":"wp","href":"https:\/\/api.w.org\/{rel}","templated":true}]}}